{"id":2345,"date":"2026-01-22T14:39:15","date_gmt":"2026-01-22T13:39:15","guid":{"rendered":"https:\/\/xinoxano.orientacio.org\/wordpress\/?p=2345"},"modified":"2026-04-30T21:38:48","modified_gmt":"2026-04-30T20:38:48","slug":"campionat-de-catalunya-desqui-orientacio-2026","status":"publish","type":"post","link":"https:\/\/xinoxano.orientacio.org\/wordpress\/?p=2345","title":{"rendered":"Campionat de Catalunya d&#8217;Esqu\u00ed-Orientaci\u00f3 2026"},"content":{"rendered":"\n<p><strong>14 i 15 de febrer \u2013 Guils-Fontanera<\/strong><\/p>\n\n\n\n<p><\/p>\n\n\n\n<p>Als seg\u00fcents enlla\u00e7os podreu trobar els resultats:<\/p>\n\n\n\n<ul>\n<li><a href=\"https:\/\/drive.google.com\/file\/d\/1k-GW6FoOgrcyRQHG9RDKr5i0mH61cx0W\/view?usp=sharing\" target=\"_blank\" rel=\"noreferrer noopener\">Llarga dist\u00e0ncia<\/a>, <a href=\"https:\/\/obasen.orientering.se\/winsplits\/online\/es\/default.asp?page=classes&amp;databaseId=110481&amp;ct=true\" target=\"_blank\" rel=\"noreferrer noopener\">Winsplits<\/a> i <a href=\"https:\/\/www.livelox.com\/Events\/Show\/179995\/Ski-O-Campionat-de-Catalunya-2026-Guils-Fontanera\" target=\"_blank\" rel=\"noreferrer noopener\">Livelox<\/a><\/li>\n\n\n\n<li><a href=\"https:\/\/drive.google.com\/file\/d\/1rdkifm1hWiz_Jh7T4az4OEBJ9vLyc5ry\/view?usp=sharing\" target=\"_blank\" rel=\"noreferrer noopener\">Esprint<\/a>, <a href=\"https:\/\/obasen.orientering.se\/winsplits\/online\/es\/default.asp?page=classes&amp;databaseId=110490&amp;ct=true\" target=\"_blank\" rel=\"noreferrer noopener\">Winsplits<\/a> i <a href=\"https:\/\/www.livelox.com\/Events\/Show\/179996\/Ski-O-Esprint-Trofeu-Dos-Dies-dels-Pirineus-Ski-O-2026\" target=\"_blank\" rel=\"noreferrer noopener\">Livelox<\/a><\/li>\n\n\n\n<li><em>Raquetes<\/em><\/li>\n<\/ul>\n\n\n\n<p>I algunes fotos <a href=\"https:\/\/drive.google.com\/drive\/folders\/1pP8si1NYaQ-5A-WIrxUiZI-g22iVAyg0?usp=sharing\">aqu\u00ed<\/a><\/p>\n\n\n\n<p><\/p>\n\n\n\n<p><\/p>\n\n\n\n<h2 class=\"wp-block-heading has-text-align-center\"><strong><mark style=\"background-color:#f5aa32\" class=\"has-inline-color\">Informaci\u00f3 per diumenge 15\/02\/2026 :<\/mark><\/strong><\/h2>\n\n\n\n<p>Diumenge hi haur\u00e0 possibilitat de c\u00f3rrer una de les seg\u00fcents opcions:<\/p>\n\n\n\n<ul>\n<li>Llarga<\/li>\n\n\n\n<li>Esprint<\/li>\n\n\n\n<li>Llarga + Esprint<\/li>\n\n\n\n<li>Raquetes<\/li>\n<\/ul>\n\n\n\n<p>La cursa de llarga dist\u00e0ncia ser\u00e0 Campionat de Catalunya.<br>I el trofeu dels 2 dies ser\u00e0 la suma de la llarga i l&#8217;esprint.<\/p>\n\n\n\n<p class=\"has-text-align-left\">Obertura del centre de competici\u00f3 a les 9:30 h.<br>Possibilitat de noves inscripcions segons la disponibilitat de mapes amb rec\u00e0rrec de 3 \u20ac.<br>Els que esteu inscrits a les dues curses i participeu a totes dues, us retornarem per defecte 7 \u20ac pel fet d&#8217;haver de fer les dues curses en un mat\u00ed.<br>Els que nom\u00e9s est\u00e0veu inscrits a una cursa i vulgueu fer les dues, ho  podreu fer pagant mitja inscripci\u00f3 m\u00e9s.<br>Agrairem a tots els participants que facin algun canvi omplin el seg\u00fcent formulari:<br> <a href=\"https:\/\/forms.gle\/JjNrVQjdPAeqdKTr7\" target=\"_blank\" rel=\"noreferrer noopener\">https:\/\/forms.gle\/JjNrVQjdPAeqdKTr7<\/a><\/p>\n\n\n\n<p><strong>Sortides<\/strong>:<\/p>\n\n\n\n<ul>\n<li><strong>Llarga dist\u00e0ncia<\/strong> de 10:30 h. a 11:15 h. amb fita Start.<\/li>\n\n\n\n<li><strong>Esprint<\/strong> d&#8217;11:00 h. a 11:30 h. amb fita Start<\/li>\n\n\n\n<li><strong>Llarga i Esprint<\/strong>: canvi de mapa a l&#8217;arribada de la llarga. Es podr\u00e0 descansar un m\u00e0xim de 15 minuts. Hi haur\u00e0 avituallament s\u00f2lid.<\/li>\n\n\n\n<li><strong>Raquetes:<\/strong> a la tarda es publicaran noves hores sortida, que seran entre les 12:00 h. o 12:30 h. aprox.<\/li>\n<\/ul>\n\n\n\n<div class=\"wp-block-columns is-layout-flex wp-container-core-columns-layout-1 wp-block-columns-is-layout-flex\">\n<div class=\"wp-block-column is-vertically-aligned-top is-layout-flow wp-block-column-is-layout-flow\" style=\"flex-basis:100%\"><div class=\"wp-block-image\">\n<figure class=\"alignleft size-large is-resized\"><a href=\"https:\/\/xinoxano.orientacio.org\/wordpress\/wp-content\/uploads\/2026\/02\/IMG-20260214-WA0010.jpg\"><img loading=\"lazy\" decoding=\"async\" width=\"768\" height=\"1024\" src=\"https:\/\/xinoxano.orientacio.org\/wordpress\/wp-content\/uploads\/2026\/02\/IMG-20260214-WA0010-768x1024.jpg\" alt=\"\" class=\"wp-image-2364\" style=\"width:264px;height:auto\" srcset=\"https:\/\/xinoxano.orientacio.org\/wordpress\/wp-content\/uploads\/2026\/02\/IMG-20260214-WA0010-768x1024.jpg 768w, https:\/\/xinoxano.orientacio.org\/wordpress\/wp-content\/uploads\/2026\/02\/IMG-20260214-WA0010-225x300.jpg 225w, https:\/\/xinoxano.orientacio.org\/wordpress\/wp-content\/uploads\/2026\/02\/IMG-20260214-WA0010-1152x1536.jpg 1152w, https:\/\/xinoxano.orientacio.org\/wordpress\/wp-content\/uploads\/2026\/02\/IMG-20260214-WA0010.jpg 1536w\" sizes=\"(max-width: 768px) 100vw, 768px\" \/><\/a><\/figure><\/div>\n\n<div class=\"wp-block-image\">\n<figure class=\"alignleft size-large is-resized\"><a href=\"https:\/\/xinoxano.orientacio.org\/wordpress\/wp-content\/uploads\/2026\/02\/IMG-20260214-WA0011.jpg\"><img loading=\"lazy\" decoding=\"async\" width=\"768\" height=\"1024\" src=\"https:\/\/xinoxano.orientacio.org\/wordpress\/wp-content\/uploads\/2026\/02\/IMG-20260214-WA0011-768x1024.jpg\" alt=\"\" class=\"wp-image-2365\" style=\"width:263px;height:auto\" srcset=\"https:\/\/xinoxano.orientacio.org\/wordpress\/wp-content\/uploads\/2026\/02\/IMG-20260214-WA0011-768x1024.jpg 768w, https:\/\/xinoxano.orientacio.org\/wordpress\/wp-content\/uploads\/2026\/02\/IMG-20260214-WA0011-225x300.jpg 225w, https:\/\/xinoxano.orientacio.org\/wordpress\/wp-content\/uploads\/2026\/02\/IMG-20260214-WA0011-1152x1536.jpg 1152w, https:\/\/xinoxano.orientacio.org\/wordpress\/wp-content\/uploads\/2026\/02\/IMG-20260214-WA0011.jpg 1536w\" sizes=\"(max-width: 768px) 100vw, 768px\" \/><\/a><\/figure><\/div><\/div>\n<\/div>\n\n\n\n<hr class=\"wp-block-separator aligncenter has-alpha-channel-opacity is-style-wide\"\/>\n\n\n\n<h1 class=\"wp-block-heading has-text-align-center\"><mark style=\"background-color:rgba(0, 0, 0, 0);color:#f51616\" class=\"has-inline-color\">Dissabte anul\u00b7lat per mal temps!!!<\/mark><\/h1>\n\n\n\n<h2 class=\"wp-block-heading has-text-align-center\"><mark style=\"background-color:rgba(0, 0, 0, 0);color:#fb0e0e\" class=\"has-inline-color\">Al llarg del dia s&#8217;informar\u00e0 a <strong>Instagram<\/strong> de dem\u00e0 diumenge!!!<\/mark><\/h2>\n\n\n<div class=\"wp-block-image\">\n<figure class=\"aligncenter size-large is-resized\"><a href=\"https:\/\/xinoxano.orientacio.org\/wordpress\/wp-content\/uploads\/2026\/02\/SKI-O.png\"><img loading=\"lazy\" decoding=\"async\" width=\"724\" height=\"1024\" src=\"https:\/\/xinoxano.orientacio.org\/wordpress\/wp-content\/uploads\/2026\/02\/SKI-O-724x1024.png\" alt=\"\" class=\"wp-image-2355\" style=\"width:422px;height:auto\" srcset=\"https:\/\/xinoxano.orientacio.org\/wordpress\/wp-content\/uploads\/2026\/02\/SKI-O-724x1024.png 724w, https:\/\/xinoxano.orientacio.org\/wordpress\/wp-content\/uploads\/2026\/02\/SKI-O-212x300.png 212w, https:\/\/xinoxano.orientacio.org\/wordpress\/wp-content\/uploads\/2026\/02\/SKI-O-768x1086.png 768w, https:\/\/xinoxano.orientacio.org\/wordpress\/wp-content\/uploads\/2026\/02\/SKI-O-1087x1536.png 1087w, https:\/\/xinoxano.orientacio.org\/wordpress\/wp-content\/uploads\/2026\/02\/SKI-O.png 1240w\" sizes=\"(max-width: 724px) 100vw, 724px\" \/><\/a><\/figure><\/div>\n\n\n<p>El cap de setmana del 14 i 15 de febrer el club Xinoxano organitza dues proves d\u2019esqu\u00ed-orientaci\u00f3 a l\u2019estaci\u00f3 d&#8217;esqu\u00ed n\u00f2rdic de Guils-Fontanera.<\/p>\n\n\n\n<p>L\u2019esqu\u00ed-orientaci\u00f3 \u00e9s una modalitat m\u00e9s de les curses d&#8217;orientaci\u00f3 tot i que no \u00e9s gaire habitual al sud d&#8217;Europa. Per a l&#8217;esportista \u00e9s un punt entremig de l\u2019Orientaci\u00f3 a Peu en bosc i l&#8217;esprint o la orientaci\u00f3 en BTT, ja que hi ha unes pistes marcades que s\u00f3n les millors opcions per anar d\u2019un control a l&#8217;altre.<\/p>\n\n\n\n<p>Us deixem un v\u00eddeo promocional de l\u2019IOF (<a href=\"https:\/\/www.youtube.com\/watch?v=S1SggdsbHlk\" target=\"_blank\" rel=\"noreferrer noopener\">enlla\u00e7<\/a>) i a continuaci\u00f3 una breu descripci\u00f3 dels s\u00edmbols espec\u00edfics de la modalitat.<\/p>\n\n\n\n<p class=\"has-text-align-center\"><a href=\"https:\/\/drive.google.com\/file\/d\/1gzuwZJvpY77EVDG4Xgsa0dSspF1qN-tb\/view?usp=sharing\" target=\"_blank\" rel=\"noreferrer noopener\">Enlla\u00e7 al butllet\u00ed d\u2019informaci\u00f3<\/a><\/p>\n\n\n\n<p class=\"has-text-align-center\"><a href=\"https:\/\/inscripcions.orientacio.cat\/indvski\" target=\"_blank\" rel=\"noreferrer noopener\">Enlla\u00e7 a inscripcions FCOC<\/a><\/p>\n\n\n<div class=\"wp-block-image\">\n<figure class=\"aligncenter size-full\"><a href=\"https:\/\/xinoxano.orientacio.org\/wordpress\/wp-content\/uploads\/2026\/01\/image.png\"><img loading=\"lazy\" decoding=\"async\" width=\"567\" height=\"267\" src=\"https:\/\/xinoxano.orientacio.org\/wordpress\/wp-content\/uploads\/2026\/01\/image.png\" alt=\"\" class=\"wp-image-2347\" srcset=\"https:\/\/xinoxano.orientacio.org\/wordpress\/wp-content\/uploads\/2026\/01\/image.png 567w, https:\/\/xinoxano.orientacio.org\/wordpress\/wp-content\/uploads\/2026\/01\/image-300x141.png 300w\" sizes=\"(max-width: 567px) 100vw, 567px\" \/><\/a><\/figure><\/div>\n\n\n<hr class=\"wp-block-separator has-alpha-channel-opacity\"\/>\n\n\n\n<p><\/p>\n\n\n\n<p><strong>HORES DE SORTIDA:<\/strong><\/p>\n\n\n\n<div class=\"wp-block-columns is-layout-flex wp-container-core-columns-layout-2 wp-block-columns-is-layout-flex\">\n<div class=\"wp-block-column is-layout-flow wp-block-column-is-layout-flow\" style=\"flex-basis:100%\">\n<div class=\"wp-block-group is-layout-constrained wp-block-group-is-layout-constrained\"><div class=\"wp-block-group__inner-container\">\n<div class=\"wp-block-group is-layout-constrained wp-block-group-is-layout-constrained\"><div class=\"wp-block-group__inner-container\">\n<div class=\"wp-block-buttons is-content-justification-center is-layout-flex wp-container-core-buttons-layout-1 wp-block-buttons-is-layout-flex\">\n<div class=\"wp-block-button is-style-outline\"><a class=\"wp-block-button__link wp-element-button\" href=\"https:\/\/drive.google.com\/file\/d\/1KCFTHeOfs0tibywHPZJ9hfKRakCeCQN4\/view?usp=sharing\" target=\"_blank\" rel=\"noreferrer noopener\"><strong><mark style=\"background-color:rgba(0, 0, 0, 0)\" class=\"has-inline-color has-blue-color\">LLARGA<\/mark>  <\/strong><\/a><\/div>\n\n\n\n<div class=\"wp-block-button is-style-outline\"><a class=\"wp-block-button__link wp-element-button\" href=\"https:\/\/drive.google.com\/file\/d\/1Y7GfFN-aW8Z1XWtZcBmXxZSDqfRqPa5x\/view?usp=sharing\" target=\"_blank\" rel=\"noreferrer noopener\"><strong><mark style=\"background-color:rgba(0, 0, 0, 0)\" class=\"has-inline-color has-blue-color\">ESPRINT<\/mark><\/strong><\/a><\/div>\n\n\n\n<div class=\"wp-block-button is-style-outline\"><a class=\"wp-block-button__link wp-element-button\" href=\"https:\/\/drive.google.com\/file\/d\/1Xc7IqkU1Z8xqM_SFbgZFMi-W0EQ8Sc1g\/view?usp=sharing\" target=\"_blank\" rel=\"noreferrer noopener\"><strong><mark style=\"background-color:rgba(0, 0, 0, 0)\" class=\"has-inline-color has-blue-color\">RAQUETES<\/mark><\/strong><\/a><\/div>\n<\/div>\n<\/div><\/div>\n<\/div><\/div>\n<\/div>\n<\/div>\n\n\n\n<hr class=\"wp-block-separator has-alpha-channel-opacity\"\/>\n\n\n\n<p><\/p>\n\n\n\n<p><em><strong>Resultats globals:<\/strong><\/em><\/p>\n\n\n\n<p><em>Resultats dissabte \u2013 llarga<\/em><\/p>\n\n\n\n<p><em>Resultats diumenge \u2013 esprint<\/em><\/p>\n\n\n\n<p><em>Parcials dissabte \u2013 diumenge<\/em><\/p>\n","protected":false},"excerpt":{"rendered":"<p>14 i 15 de febrer \u2013 Guils-Fontanera Als seg\u00fcents enlla\u00e7os podreu trobar els resultats: I algunes fotos aqu\u00ed Informaci\u00f3 per diumenge 15\/02\/2026 : Diumenge hi haur\u00e0 possibilitat de c\u00f3rrer una de les seg\u00fcents opcions: La cursa de llarga dist\u00e0ncia ser\u00e0 &hellip; <a href=\"https:\/\/xinoxano.orientacio.org\/wordpress\/?p=2345\">Continua llegint <span class=\"meta-nav\">&rarr;<\/span><\/a><\/p>\n","protected":false},"author":2,"featured_media":0,"comment_status":"closed","ping_status":"closed","sticky":false,"template":"","format":"standard","meta":{"footnotes":""},"categories":[7],"tags":[],"_links":{"self":[{"href":"https:\/\/xinoxano.orientacio.org\/wordpress\/index.php?rest_route=\/wp\/v2\/posts\/2345"}],"collection":[{"href":"https:\/\/xinoxano.orientacio.org\/wordpress\/index.php?rest_route=\/wp\/v2\/posts"}],"about":[{"href":"https:\/\/xinoxano.orientacio.org\/wordpress\/index.php?rest_route=\/wp\/v2\/types\/post"}],"author":[{"embeddable":true,"href":"https:\/\/xinoxano.orientacio.org\/wordpress\/index.php?rest_route=\/wp\/v2\/users\/2"}],"replies":[{"embeddable":true,"href":"https:\/\/xinoxano.orientacio.org\/wordpress\/index.php?rest_route=%2Fwp%2Fv2%2Fcomments&post=2345"}],"version-history":[{"count":19,"href":"https:\/\/xinoxano.orientacio.org\/wordpress\/index.php?rest_route=\/wp\/v2\/posts\/2345\/revisions"}],"predecessor-version":[{"id":2377,"href":"https:\/\/xinoxano.orientacio.org\/wordpress\/index.php?rest_route=\/wp\/v2\/posts\/2345\/revisions\/2377"}],"wp:attachment":[{"href":"https:\/\/xinoxano.orientacio.org\/wordpress\/index.php?rest_route=%2Fwp%2Fv2%2Fmedia&parent=2345"}],"wp:term":[{"taxonomy":"category","embeddable":true,"href":"https:\/\/xinoxano.orientacio.org\/wordpress\/index.php?rest_route=%2Fwp%2Fv2%2Fcategories&post=2345"},{"taxonomy":"post_tag","embeddable":true,"href":"https:\/\/xinoxano.orientacio.org\/wordpress\/index.php?rest_route=%2Fwp%2Fv2%2Ftags&post=2345"}],"curies":[{"name":"wp","href":"https:\/\/api.w.org\/{rel}","templated":true}]}}