{"id":2174,"date":"2025-03-04T15:06:48","date_gmt":"2025-03-04T14:06:48","guid":{"rendered":"https:\/\/xinoxano.orientacio.org\/wordpress\/?p=2174"},"modified":"2025-10-05T19:51:02","modified_gmt":"2025-10-05T18:51:02","slug":"xviii-trofeu-2-dies-dels-pirineus-2025-taus","status":"publish","type":"post","link":"https:\/\/xinoxano.orientacio.org\/wordpress\/?p=2174","title":{"rendered":"XXVIII Trofeu 2 dies dels Pirineus 2025 &#8211; Ta\u00fas"},"content":{"rendered":"\n<p>    <\/p>\n\n\n\n<p><\/p>\n\n\n\n<p><strong><mark style=\"background-color:rgba(0, 0, 0, 0);color:#ff1414;font-size:28px;\" class=\"has-inline-color\">Fotos:<\/mark><\/strong><\/p>\n\n\n\n<p><strong><a href=\"https:\/\/photos.app.goo.gl\/xdQSmgHesfkZhkgo6\" target=\"_blank\" rel=\"noreferrer noopener\">Fotos. \u00c0ngel Pi<\/a><\/strong><\/p>\n\n\n\n<p><strong><a href=\"https:\/\/drive.google.com\/drive\/folders\/1XpsomrABL-qmj18mAZy1Vo2_-h6hlojo?usp=sharing\">Fotos. Xavi Colom<\/a><\/strong><\/p>\n\n\n\n<div style=\"height:85px\" aria-hidden=\"true\" class=\"wp-block-spacer\"><\/div>\n\n\n\n<p><strong><mark style=\"background-color:rgba(0, 0, 0, 0)\" class=\"has-inline-color has-black-color\">\u00daltimes informacions:<\/mark> <\/strong><\/p>\n\n\n\n<div class=\"wp-block-buttons is-content-justification-center is-layout-flex wp-container-core-buttons-layout-1 wp-block-buttons-is-layout-flex\">\n<div class=\"wp-block-button is-style-outline\"><a class=\"wp-block-button__link wp-element-button\" href=\"https:\/\/xinoxano.orientacio.org\/wordpress\/wp-content\/uploads\/2025\/06\/Llarga_Taus_2025.pdf\" target=\"_blank\" rel=\"noreferrer noopener\"><strong>RESULTATS LLARGA TA\u00daS<\/strong><\/a><\/div>\n\n\n\n<div class=\"wp-block-button is-style-outline\"><a class=\"wp-block-button__link wp-element-button\" href=\"https:\/\/obasen.orientering.se\/winsplits\/online\/es\/default.asp?page=classes&amp;databaseId=105450\" target=\"_blank\" rel=\"noreferrer noopener\"><strong>PARCIALS LLARGA TA\u00daS<\/strong><\/a><\/div>\n\n\n\n<div class=\"wp-block-button is-style-outline\"><a class=\"wp-block-button__link wp-element-button\" href=\"https:\/\/o-track.dk\/en\/temporary_events?locale=en&amp;filter_name=Ta%C3%BAs&amp;filter_date=2025-06-01\" target=\"_blank\" rel=\"noreferrer noopener\">O-Track de la Llarga Dist\u00e0ncia<\/a><\/div>\n<\/div>\n\n\n\n<p><\/p>\n\n\n\n<div class=\"wp-block-buttons is-content-justification-center is-layout-flex wp-container-core-buttons-layout-2 wp-block-buttons-is-layout-flex\">\n<div class=\"wp-block-button is-style-outline\"><a class=\"wp-block-button__link wp-element-button\" href=\"https:\/\/obasen.orientering.se\/winsplits\/online\/es\/show_event.asp?id=105424\" target=\"_blank\" rel=\"noreferrer noopener\"><strong>PARCIALS ESPRINT TA\u00daS<\/strong><\/a><\/div>\n<\/div>\n\n\n\n<p><\/p>\n\n\n\n<div class=\"wp-block-buttons is-content-justification-center is-layout-flex wp-container-core-buttons-layout-3 wp-block-buttons-is-layout-flex\">\n<div class=\"wp-block-button is-style-outline\"><a class=\"wp-block-button__link wp-element-button\" href=\"https:\/\/xinoxano.orientacio.org\/wordpress\/wp-content\/uploads\/2025\/05\/Esprint_Taus_2025.pdf\" target=\"_blank\" rel=\"noreferrer noopener\"><strong>RESULTATS ESPRINT TA\u00daS<\/strong><\/a><\/div>\n<\/div>\n\n\n\n<p><\/p>\n\n\n\n<div class=\"wp-block-buttons is-content-justification-center is-layout-flex wp-container-core-buttons-layout-4 wp-block-buttons-is-layout-flex\">\n<div class=\"wp-block-button is-style-outline\"><a class=\"wp-block-button__link wp-element-button\" href=\"https:\/\/obasen.orientering.se\/winsplits\/online\/es\/show_event.asp?id=105423\" target=\"_blank\" rel=\"noreferrer noopener\"><strong>PARCIALS CURSA POPULAR RELLEUS<\/strong><\/a><\/div>\n<\/div>\n\n\n\n<p><\/p>\n\n\n\n<div class=\"wp-block-buttons is-content-justification-center is-layout-flex wp-container-core-buttons-layout-5 wp-block-buttons-is-layout-flex\">\n<div class=\"wp-block-button is-style-outline\"><a class=\"wp-block-button__link wp-element-button\" href=\"https:\/\/xinoxano.orientacio.org\/wordpress\/wp-content\/uploads\/2025\/05\/relleus_parcials.html\" target=\"_blank\" rel=\"noreferrer noopener\"><strong>PARCIALS RELLEUS<\/strong><\/a><\/div>\n<\/div>\n\n\n\n<p><\/p>\n\n\n\n<div class=\"wp-block-buttons is-content-justification-center is-layout-flex wp-container-core-buttons-layout-6 wp-block-buttons-is-layout-flex\">\n<div class=\"wp-block-button is-style-outline\"><a class=\"wp-block-button__link has-text-align-center wp-element-button\" href=\"https:\/\/xinoxano.orientacio.org\/wordpress\/wp-content\/uploads\/2025\/05\/relleus_total.pdf\" target=\"_blank\" rel=\"noreferrer noopener\"><strong>RESULTATS CAMPIONAT DE CATALUNYA DE RELLEUS<\/strong><\/a><\/div>\n<\/div>\n\n\n\n<p><\/p>\n\n\n\n<div class=\"wp-block-buttons is-content-justification-center is-layout-flex wp-container-core-buttons-layout-7 wp-block-buttons-is-layout-flex\">\n<div class=\"wp-block-button is-style-outline\"><a class=\"wp-block-button__link wp-element-button\" href=\"https:\/\/drive.google.com\/file\/d\/1Xcr_laOtlLNYDPkVMMaF_Jhn0V5WqRO9\/view?usp=sharing\" target=\"_blank\" rel=\"noreferrer noopener\"><strong><mark style=\"background-color:rgba(0, 0, 0, 0)\" class=\"has-inline-color has-blue-color\">EQUIPS DE RELLEUS<\/mark><\/strong><\/a><\/div>\n<\/div>\n\n\n\n<div style=\"height:35px\" aria-hidden=\"true\" class=\"wp-block-spacer\"><\/div>\n\n\n\n<div class=\"wp-block-buttons is-content-justification-center is-layout-flex wp-container-core-buttons-layout-8 wp-block-buttons-is-layout-flex\">\n<div class=\"wp-block-button is-style-outline\"><a class=\"wp-block-button__link wp-element-button\" href=\"https:\/\/drive.google.com\/file\/d\/1KS-aacrXbO9kBfPFiHj53DQFlm1g5YM_\/view?usp=sharing\" target=\"_blank\" rel=\"noreferrer noopener\"><strong><mark style=\"background-color:rgba(0, 0, 0, 0)\" class=\"has-inline-color has-blue-color\">INSCRITS POPULAR RELLEUS<\/mark><\/strong><\/a><\/div>\n<\/div>\n\n\n\n<div style=\"height:35px\" aria-hidden=\"true\" class=\"wp-block-spacer\"><\/div>\n\n\n\n<div class=\"wp-block-buttons is-content-justification-center is-layout-flex wp-container-core-buttons-layout-9 wp-block-buttons-is-layout-flex\">\n<div class=\"wp-block-button is-style-outline\"><a class=\"wp-block-button__link wp-element-button\" href=\"https:\/\/drive.google.com\/file\/d\/1SU79Bkyxrrta3-41khUh8HqtNwCmFAta\/view?usp=sharing\" target=\"_blank\" rel=\"noreferrer noopener\"><strong><mark style=\"background-color:rgba(0, 0, 0, 0)\" class=\"has-inline-color has-blue-color\">HORES DE SORTIDA ESPRINT<\/mark><\/strong><\/a><\/div>\n<\/div>\n\n\n\n<div style=\"height:35px\" aria-hidden=\"true\" class=\"wp-block-spacer\"><\/div>\n\n\n\n<div class=\"wp-block-buttons is-content-justification-center is-layout-flex wp-container-core-buttons-layout-10 wp-block-buttons-is-layout-flex\">\n<div class=\"wp-block-button is-style-outline\"><a class=\"wp-block-button__link wp-element-button\" href=\"https:\/\/drive.google.com\/file\/d\/1j56AhJK0W-y2Kjlzn57i_9pNUnZfQOWg\/view?usp=sharing\" target=\"_blank\" rel=\"noreferrer noopener\"><strong><mark style=\"background-color:rgba(0, 0, 0, 0)\" class=\"has-inline-color has-blue-color\">HORES DE SORTIDA LLARGA<\/mark><\/strong><\/a><\/div>\n<\/div>\n\n\n\n<div style=\"height:35px\" aria-hidden=\"true\" class=\"wp-block-spacer\"><\/div>\n\n\n\n<p><strong>Nota per la calor:<\/strong><br>\u00c9s probable que, tot i que la cursa es fa al voltant dels 1500 m. d&#8217;al\u00e7ada, faci calor i s&#8217;arribi a uns 25\u00baC-26\u00baC al migdia. A la cursa de llarga dist\u00e0ncia hi haur\u00e0 avituallaments amb aigua. Totes les categories en tenen com a m\u00ednim un. Malgrat aix\u00f2, algunes categories, amb circuits m\u00e9s curts (D50, D60, H65, H60, D21A i D16), es trobaran l&#8217;avituallament a la part final de la seva cursa.<br>Valoreu si us pot ser \u00fatil portar la vostra pr\u00f2pia aigua.<\/p>\n\n\n\n<p><\/p>\n\n\n\n<p><\/p>\n\n\n\n<p>Per qualsevol incid\u00e8ncia podeu enviar un correu a:  <a href=\"mailto:curses.xinoxano@gmail.com\" target=\"_blank\" rel=\"noreferrer noopener\">curses.xinoxano@gmail.com<\/a><\/p>\n\n\n\n<p><\/p>\n\n\n\n<hr class=\"wp-block-separator has-alpha-channel-opacity\"\/>\n\n\n<div class=\"wp-block-image\">\n<figure class=\"aligncenter size-large is-resized\"><a href=\"https:\/\/xinoxano.orientacio.org\/wordpress\/?p=2174\"><img loading=\"lazy\" decoding=\"async\" width=\"724\" height=\"1024\" src=\"https:\/\/xinoxano.orientacio.org\/wordpress\/wp-content\/uploads\/2025\/05\/CARTELL-TAUS-25-724x1024.png\" alt=\"\" class=\"wp-image-2271\" style=\"width:346px;height:auto\" srcset=\"https:\/\/xinoxano.orientacio.org\/wordpress\/wp-content\/uploads\/2025\/05\/CARTELL-TAUS-25-724x1024.png 724w, https:\/\/xinoxano.orientacio.org\/wordpress\/wp-content\/uploads\/2025\/05\/CARTELL-TAUS-25-212x300.png 212w, https:\/\/xinoxano.orientacio.org\/wordpress\/wp-content\/uploads\/2025\/05\/CARTELL-TAUS-25-768x1086.png 768w, https:\/\/xinoxano.orientacio.org\/wordpress\/wp-content\/uploads\/2025\/05\/CARTELL-TAUS-25-1086x1536.png 1086w, https:\/\/xinoxano.orientacio.org\/wordpress\/wp-content\/uploads\/2025\/05\/CARTELL-TAUS-25-1448x2048.png 1448w\" sizes=\"(max-width: 724px) 100vw, 724px\" \/><\/a><\/figure><\/div>\n\n\n<p>Els propers 31 de maig i 1 de juny el nostre club organitza els Dos Dies dels Pirineus 2025.<\/p>\n\n\n\n<p class=\"has-medium-font-size\"><strong>Dissabte 31 de maig &nbsp;<\/strong>  <\/p>\n\n\n\n<pre class=\"wp-block-preformatted has-medium-font-size\"><strong>- Campionat de Catalunya de Relleus (mat\u00ed) <\/strong>\n \n<strong>- Lliga Catalana d'Esprint (tarda) <\/strong><\/pre>\n\n\n\n<p class=\"has-medium-font-size\"><strong>Diumenge 1 de juny &nbsp;<\/strong>   <\/p>\n\n\n\n<pre class=\"wp-block-preformatted has-medium-font-size\"><strong>- <strong>Copa Catalana Llarga Dist\u00e0ncia <\/strong><\/strong><\/pre>\n\n\n\n<p class=\"has-text-align-center\"><strong><mark style=\"background-color:rgba(0, 0, 0, 0);color:#c43737\" class=\"has-inline-color\">Teniu tota la informaci\u00f3 al seg\u00fcent enlla\u00e7: <\/mark><\/strong><a href=\"https:\/\/drive.google.com\/file\/d\/1zB6Gqt0vuO3DSiptaHYBaRZ3nYK3eeSR\/view?usp=sharing\" target=\"_blank\" rel=\"noreferrer noopener\">Butllet\u00ed FINAL<\/a><\/p>\n\n\n\n<p><\/p>\n\n\n<div class=\"wp-block-image\">\n<figure class=\"aligncenter size-large is-resized\"><a href=\"https:\/\/xinoxano.orientacio.org\/wordpress\/wp-content\/uploads\/2025\/03\/20240330_103134-scaled.jpg\"><img loading=\"lazy\" decoding=\"async\" width=\"1024\" height=\"768\" src=\"https:\/\/xinoxano.orientacio.org\/wordpress\/wp-content\/uploads\/2025\/03\/20240330_103134-1024x768.jpg\" alt=\"\" class=\"wp-image-2177\" style=\"width:540px;height:auto\" srcset=\"https:\/\/xinoxano.orientacio.org\/wordpress\/wp-content\/uploads\/2025\/03\/20240330_103134-1024x768.jpg 1024w, https:\/\/xinoxano.orientacio.org\/wordpress\/wp-content\/uploads\/2025\/03\/20240330_103134-300x225.jpg 300w, https:\/\/xinoxano.orientacio.org\/wordpress\/wp-content\/uploads\/2025\/03\/20240330_103134-768x576.jpg 768w, https:\/\/xinoxano.orientacio.org\/wordpress\/wp-content\/uploads\/2025\/03\/20240330_103134-1536x1152.jpg 1536w, https:\/\/xinoxano.orientacio.org\/wordpress\/wp-content\/uploads\/2025\/03\/20240330_103134-2048x1536.jpg 2048w\" sizes=\"(max-width: 1024px) 100vw, 1024px\" \/><\/a><\/figure><\/div>\n\n\n<p><\/p>\n\n\n\n<p><\/p>\n","protected":false},"excerpt":{"rendered":"<p>Fotos: Fotos. \u00c0ngel Pi Fotos. Xavi Colom \u00daltimes informacions: Nota per la calor:\u00c9s probable que, tot i que la cursa es fa al voltant dels 1500 m. d&#8217;al\u00e7ada, faci calor i s&#8217;arribi a uns 25\u00baC-26\u00baC al migdia. A la cursa &hellip; <a href=\"https:\/\/xinoxano.orientacio.org\/wordpress\/?p=2174\">Continua llegint <span class=\"meta-nav\">&rarr;<\/span><\/a><\/p>\n","protected":false},"author":2,"featured_media":0,"comment_status":"closed","ping_status":"closed","sticky":false,"template":"","format":"standard","meta":{"footnotes":""},"categories":[60,7,49],"tags":[],"_links":{"self":[{"href":"https:\/\/xinoxano.orientacio.org\/wordpress\/index.php?rest_route=\/wp\/v2\/posts\/2174"}],"collection":[{"href":"https:\/\/xinoxano.orientacio.org\/wordpress\/index.php?rest_route=\/wp\/v2\/posts"}],"about":[{"href":"https:\/\/xinoxano.orientacio.org\/wordpress\/index.php?rest_route=\/wp\/v2\/types\/post"}],"author":[{"embeddable":true,"href":"https:\/\/xinoxano.orientacio.org\/wordpress\/index.php?rest_route=\/wp\/v2\/users\/2"}],"replies":[{"embeddable":true,"href":"https:\/\/xinoxano.orientacio.org\/wordpress\/index.php?rest_route=%2Fwp%2Fv2%2Fcomments&post=2174"}],"version-history":[{"count":53,"href":"https:\/\/xinoxano.orientacio.org\/wordpress\/index.php?rest_route=\/wp\/v2\/posts\/2174\/revisions"}],"predecessor-version":[{"id":2319,"href":"https:\/\/xinoxano.orientacio.org\/wordpress\/index.php?rest_route=\/wp\/v2\/posts\/2174\/revisions\/2319"}],"wp:attachment":[{"href":"https:\/\/xinoxano.orientacio.org\/wordpress\/index.php?rest_route=%2Fwp%2Fv2%2Fmedia&parent=2174"}],"wp:term":[{"taxonomy":"category","embeddable":true,"href":"https:\/\/xinoxano.orientacio.org\/wordpress\/index.php?rest_route=%2Fwp%2Fv2%2Fcategories&post=2174"},{"taxonomy":"post_tag","embeddable":true,"href":"https:\/\/xinoxano.orientacio.org\/wordpress\/index.php?rest_route=%2Fwp%2Fv2%2Ftags&post=2174"}],"curies":[{"name":"wp","href":"https:\/\/api.w.org\/{rel}","templated":true}]}}